{"id":18389,"date":"2024-10-26T11:47:19","date_gmt":"2024-10-26T11:47:19","guid":{"rendered":"https:\/\/www.turnoffthelights.com\/support\/?p=18389"},"modified":"2024-10-26T11:47:43","modified_gmt":"2024-10-26T11:47:43","slug":"wie-aktiviert-man-den-fb-dunkelmodus-in-3-einfachen-schritten","status":"publish","type":"post","link":"https:\/\/www.turnoffthelights.com\/support\/de\/browser-extension\/wie-aktiviert-man-den-fb-dunkelmodus-in-3-einfachen-schritten\/","title":{"rendered":"Wie aktiviert man den FB-Dunkelmodus in 3 einfachen Schritten?"},"content":{"rendered":"\n<div class=\"wp-block-rank-math-toc-block\" id=\"rank-math-toc\"><h2>Table of Contents<\/h2><nav><div><div><a href=\"#introduction\">Einf\u00fchrung<\/a><\/div><div><a href=\"#introduction-1\">Einf\u00fchrung<\/a><\/div><div><a href=\"#benefits-of-fb-dark-mode\">Vorteile des FB-Dunkelmodus<\/a><div><div><a href=\"#reduced-eye-strain\">Geringere Belastung der Augen<\/a><\/div><div><a href=\"#battery-conservation\">Batterieschonung<\/a><\/div><div><a href=\"#stylish-interface\">Stilvolle Schnittstelle<\/a><\/div><\/div><\/div><div><a href=\"#how-to-turn-on-the-fb-dark-mode-website\">Wie schaltet man die FB-Website mit dem dunklen Modus ein?<\/a><\/div><div><a href=\"#how-to-turn-on-fb-dark-mode-on-mobile-i-os-android\">Wie schaltet man den FB-Dunkelmodus auf dem Handy ein (iOS\/Android)?<\/a><\/div><div><a href=\"#how-to-turn-dark-mode-on-other-websites-desktop-web-browser\">Wie schaltet man den Dunkelmodus auf anderen Websites ein? (Desktop-Webbrowser)<\/a><\/div><div><a href=\"#conclusion\">Schlussfolgerung<\/a><\/div><div><a href=\"#faq\">FAQ<\/a><div><div><a href=\"#faq-question-1699801596240\">Ist der FB-Dunkelmodus f\u00fcr alle Ger\u00e4te verf\u00fcgbar?<\/a><\/div><div><a href=\"#faq-question-1699801803907\">Kann der FB-Dunkelmodus auf allen Ger\u00e4ten den Akku schonen?<\/a><\/div><div><a href=\"#faq-question-1699801814449\">Beeintr\u00e4chtigt der FB-Dunkelmodus die App-Leistung?<\/a><\/div><div><a href=\"#faq-question-1699801826541\">Wie oft sollte ich den dunklen Modus von Facebook verwenden?<\/a><\/div><div><a href=\"#faq-question-1699801836834\">Kann ich den dunklen Modus von Facebook planen?<\/a><\/div><div><a href=\"#faq-question-1699801847403\">Gibt es Probleme mit der Barrierefreiheit im dunklen Modus von Facebook?<\/a><\/div><\/div><\/div><\/div><\/nav><\/div>\n\n\n\n<h2 class=\"wp-block-heading\" id=\"introduction\">Einf\u00fchrung<\/h2>\n\n\n\n<p>Hier ist eine \u00dcbersicht, wie Sie den dunklen Modus der FB-Website aktivieren k\u00f6nnen, der die derzeitige helle Website in einen dunkleren Farbton umwandelt.<\/p>\n\n\n\n<h2 class=\"wp-block-heading\" id=\"introduction-1\">Einf\u00fchrung<\/h2>\n\n\n\n<p>In der sich st\u00e4ndig weiterentwickelnden Welt der sozialen Medien ist Facebook st\u00e4ndig auf der Suche nach Innovationen. Eine dieser Funktionen, die Nutzer weltweit in ihren Bann zieht, ist der FB-Dunkelmodus. Dieser Artikel enth\u00fcllt die Feinheiten dieses Trends, beleuchtet seine Vorz\u00fcge, die Aktivierungsschritte und beantwortet h\u00e4ufige Fragen.<\/p>\n\n\n\n<h2 class=\"wp-block-heading\" id=\"benefits-of-fb-dark-mode\">Vorteile des FB-Dunkelmodus<\/h2>\n\n\n\n<p>Verbessern Sie Ihr Surferlebnis mit diesen Vorteilen des FB-Dunkelmodus.<\/p>\n\n\n\n<h3 class=\"wp-block-heading\" id=\"reduced-eye-strain\">Geringere Belastung der Augen<\/h3>\n\n\n\n<p>Tauchen Sie ein in eine visuell beruhigende Erfahrung, denn der FB-Dunkelmodus minimiert die Belastung der Augen bei l\u00e4ngeren Social-Media-Sessions. Die dunklere Oberfl\u00e4che tr\u00e4gt zu einer komfortablen Betrachtungsumgebung bei, insbesondere bei schlechten Lichtverh\u00e4ltnissen.<\/p>\n\n\n\n<h3 class=\"wp-block-heading\" id=\"battery-conservation\">Batterieschonung<\/h3>\n\n\n\n<p>Erleben Sie eine verl\u00e4ngerte Akkulaufzeit, da der FB-Dunkelmodus bei Ger\u00e4ten mit OLED- oder AMOLED-Bildschirmen Energie spart. Die reduzierte Helligkeit des Dunkelmodus f\u00fchrt zu einem geringeren Stromverbrauch und erm\u00f6glicht eine l\u00e4ngere Nutzung zwischen den Ladevorg\u00e4ngen.<\/p>\n\n\n\n<h3 class=\"wp-block-heading\" id=\"stylish-interface\">Stilvolle Schnittstelle<\/h3>\n\n\n\n<p>G\u00f6nnen Sie sich eine schlanke und modernisierte FB-Oberfl\u00e4che. Der dunkle Modus verleiht Ihren Social-Media-Interaktionen einen Hauch von Raffinesse und bietet eine stilvolle Alternative zum herk\u00f6mmlichen hellen Modus.<\/p>\n\n\n\n<h2 class=\"wp-block-heading\" id=\"how-to-turn-on-the-fb-dark-mode-website\">Wie schaltet man die FB-Website mit dem dunklen Modus ein?<\/h2>\n\n\n\n<p>Derzeit ist auf der Facebook-Website noch keine Option zum Aktivieren des Dark Mode verf\u00fcgbar. Sie k\u00f6nnen jedoch die Browser-Erweiterung &#8220;Turn Off the Lights&#8221; verwenden, um die beste Dark Mode-Erfahrung in Ihrem Webbrowser zu erhalten.<\/p>\n\n\n\n<h2 class=\"wp-block-heading\" id=\"how-to-turn-on-fb-dark-mode-on-mobile-i-os-android\">Wie schaltet man den FB-Dunkelmodus auf dem Handy ein (iOS\/Android)?<\/h2>\n\n\n\n<p>Auf Ihrem iOS- und Android-Telefon k\u00f6nnen Sie den Facebook Dark Mode aktivieren. Gehen Sie dazu wie folgt vor.<\/p>\n\n\n\n<ol class=\"wp-block-list\">\n<li>\u00d6ffnen Sie Ihre Facebook for Mobile-App<\/li>\n\n\n\n<li>Gehen Sie zur Seite <strong>Einstellungen<\/strong> <\/li>\n\n\n\n<li>Tippen Sie auf <strong>Allgemein<\/strong> und w\u00e4hlen Sie den Punkt <strong>Thema<\/strong><\/li>\n\n\n\n<li>Hier k\u00f6nnen Sie aus der Liste Ihr dunkles Thema ausw\u00e4hlen. Der beste dunkle Modus ist das <strong>AMOLED-Thema<\/strong> <\/li>\n<\/ol>\n\n\n\n<h2 class=\"wp-block-heading\" id=\"how-to-turn-dark-mode-on-other-websites-desktop-web-browser\">Wie schaltet man den Dunkelmodus auf anderen Websites ein? (Desktop-Webbrowser)<\/h2>\n\n\n\n<p>Sie k\u00f6nnen aber auch die kostenlose und n\u00fctzliche Browsererweiterung Turn Off the Lights verwenden, um alle Websites in Ihre pers\u00f6nliche Farbauswahl zu konvertieren. Wie Sie auf dieser <a aria-label=\"Facebook (opens in a new tab)\" href=\"https:\/\/www.facebook.com\/turnoffthelight\" target=\"_blank\" rel=\"noreferrer noopener\">Facebook-Webseite<\/a> sehen k\u00f6nnen.<\/p>\n\n\n\n<figure class=\"wp-block-image\"><img decoding=\"async\" width=\"1024\" height=\"513\" src=\"https:\/\/www.turnoffthelights.com\/support\/wp-content\/uploads\/2017\/01\/night-mode-on-facebook-on-google-page-1024x513.png\" alt=\"FB Dunkler Modus\" class=\"wp-image-1729\" srcset=\"https:\/\/www.turnoffthelights.com\/support\/wp-content\/uploads\/2017\/01\/night-mode-on-facebook-on-google-page-1024x513.png 1024w, https:\/\/www.turnoffthelights.com\/support\/wp-content\/uploads\/2017\/01\/night-mode-on-facebook-on-google-page-300x150.png 300w, https:\/\/www.turnoffthelights.com\/support\/wp-content\/uploads\/2017\/01\/night-mode-on-facebook-on-google-page-768x385.png 768w, https:\/\/www.turnoffthelights.com\/support\/wp-content\/uploads\/2017\/01\/night-mode-on-facebook-on-google-page-60x30.png 60w, https:\/\/www.turnoffthelights.com\/support\/wp-content\/uploads\/2017\/01\/night-mode-on-facebook-on-google-page-150x75.png 150w\" sizes=\"(max-width: 1024px) 100vw, 1024px\" \/><\/figure>\n\n\n\n<p>F\u00fchren Sie die folgenden Schritte aus, um Ihr individuelles Nachtthema zu aktivieren.<\/p>\n\n\n\n<ol class=\"wp-block-list\">\n<li>Installieren Sie die <a href=\"https:\/\/www.turnoffthelights.com\/browser.html\" target=\"_blank\" rel=\"noreferrer noopener\" aria-label=\" (opens in a new tab)\">Browser-Erweiterung Turn Off the Lights<\/a><\/li>\n\n\n\n<li>Klicken Sie mit der rechten Maustaste auf den grauen Lampenknopf und w\u00e4hlen Sie aus dem Kontextmen\u00fc den Punkt <strong>Optionen<\/strong><\/li>\n\n\n\n<li>Klicken Sie in der Seitenleiste auf die Registerkarte <strong>Nachtmodus<\/strong><\/li>\n\n\n\n<li>Aktivieren Sie das Kontrollk\u00e4stchen, um die Funktion Nachtmodus auf allen Websites zu aktivieren.<\/li>\n\n\n\n<li>Unter dieser Option k\u00f6nnen Sie die Farbe f\u00fcr den <em>Hintergrund<\/em>, den <em>Text<\/em> und die <em>Hyperlinks<\/em> ausw\u00e4hlen.<\/li>\n<\/ol>\n\n\n\n<h2 class=\"wp-block-heading\" id=\"conclusion\">Schlussfolgerung<\/h2>\n\n\n\n<p>Zusammenfassend l\u00e4sst sich sagen, dass der dunkle Modus von Facebook mehr als nur eine visuelle \u00dcberarbeitung ist; er ist eine nutzerzentrierte Entwicklung. Durch die Verbesserung der \u00c4sthetik, die Verringerung der Augenbelastung und die Anpassungsoptionen stellt diese Funktion einen bedeutenden Schritt in der Innovation der sozialen Medien dar.<\/p>\n\n\n\n<h2 class=\"wp-block-heading\" id=\"faq\">FAQ<\/h2>\n\n\n<div id=\"rank-math-faq\" class=\"rank-math-block\">\n<div class=\"rank-math-list \">\n<div id=\"faq-question-1699801596240\" class=\"rank-math-list-item\">\n<h3 class=\"rank-math-question \">Ist der FB-Dunkelmodus f\u00fcr alle Ger\u00e4te verf\u00fcgbar?<\/h3>\n<div class=\"rank-math-answer \">\n\n<p>Ja, der Facebook Dark Mode ist sowohl f\u00fcr Android- als auch f\u00fcr iOS-Ger\u00e4te verf\u00fcgbar. Aktualisieren Sie einfach Ihre FB-App, um auf diese Funktion zuzugreifen.<\/p>\n\n<\/div>\n<\/div>\n<div id=\"faq-question-1699801803907\" class=\"rank-math-list-item\">\n<h3 class=\"rank-math-question \">Kann der FB-Dunkelmodus auf allen Ger\u00e4ten den Akku schonen?<\/h3>\n<div class=\"rank-math-answer \">\n\n<p>Der Facebook-Dunkelmodus ist zwar auf Ger\u00e4ten mit OLED- oder AMOLED-Bildschirmen besonders effizient, kann aber auch auf anderen Ger\u00e4ten zur Akkuschonung beitragen.<\/p>\n\n<\/div>\n<\/div>\n<div id=\"faq-question-1699801814449\" class=\"rank-math-list-item\">\n<h3 class=\"rank-math-question \">Beeintr\u00e4chtigt der FB-Dunkelmodus die App-Leistung?<\/h3>\n<div class=\"rank-math-answer \">\n\n<p>Nein, der dunkle Modus von Facebook wurde entwickelt, um das Nutzererlebnis zu optimieren, ohne die Leistung der App zu beeintr\u00e4chtigen. Er l\u00e4uft reibungslos auf kompatiblen Ger\u00e4ten.<\/p>\n\n<\/div>\n<\/div>\n<div id=\"faq-question-1699801826541\" class=\"rank-math-list-item\">\n<h3 class=\"rank-math-question \">Wie oft sollte ich den dunklen Modus von Facebook verwenden?<\/h3>\n<div class=\"rank-math-answer \">\n\n<p>Der Facebook-Dunkelmodus kann durchgehend verwendet werden, insbesondere bei schlechten Lichtverh\u00e4ltnissen. Es ist jedoch ratsam, wieder in den hellen Modus zu wechseln, wenn eine l\u00e4ngere Nutzung Unbehagen verursacht.<\/p>\n\n<\/div>\n<\/div>\n<div id=\"faq-question-1699801836834\" class=\"rank-math-list-item\">\n<h3 class=\"rank-math-question \">Kann ich den dunklen Modus von Facebook planen?<\/h3>\n<div class=\"rank-math-answer \">\n\n<p>Derzeit bietet FB keine eingebaute Zeitplanungsfunktion f\u00fcr den dunklen Modus. Nutzer k\u00f6nnen je nach Vorliebe manuell zwischen hellem und dunklem Modus wechseln.<\/p>\n\n<\/div>\n<\/div>\n<div id=\"faq-question-1699801847403\" class=\"rank-math-list-item\">\n<h3 class=\"rank-math-question \">Gibt es Probleme mit der Barrierefreiheit im dunklen Modus von Facebook?<\/h3>\n<div class=\"rank-math-answer \">\n\n<p>Der dunkle Modus von Facebook wurde im Hinblick auf Barrierefreiheit entwickelt. Nutzer mit Sehbehinderungen k\u00f6nnen von dem verbesserten Kontrast und der geringeren Belastung der Augen profitieren.<\/p>\n\n<\/div>\n<\/div>\n<\/div>\n<\/div>","protected":false},"excerpt":{"rendered":"<p>Einf\u00fchrung Hier ist eine \u00dcbersicht, wie Sie den dunklen Modus der FB-Website aktivieren k\u00f6nnen, der die derzeitige helle Website in einen dunkleren Farbton umwandelt. Einf\u00fchrung In der sich st\u00e4ndig weiterentwickelnden Welt der sozialen Medien ist Facebook st\u00e4ndig auf der Suche nach Innovationen. Eine dieser Funktionen, die Nutzer weltweit in ihren Bann zieht, ist der FB-Dunkelmodus. [&hellip;]<\/p>\n","protected":false},"author":1,"featured_media":0,"comment_status":"closed","ping_status":"closed","sticky":false,"template":"","format":"standard","meta":{"footnotes":""},"categories":[448],"tags":[],"class_list":["post-18389","post","type-post","status-publish","format-standard","hentry","category-browser-extension"],"lang":"de","translations":{"de":18389,"en":3057,"ja":20398},"pll_sync_post":[],"_links":{"self":[{"href":"https:\/\/www.turnoffthelights.com\/support\/wp-json\/wp\/v2\/posts\/18389","targetHints":{"allow":["GET"]}}],"collection":[{"href":"https:\/\/www.turnoffthelights.com\/support\/wp-json\/wp\/v2\/posts"}],"about":[{"href":"https:\/\/www.turnoffthelights.com\/support\/wp-json\/wp\/v2\/types\/post"}],"author":[{"embeddable":true,"href":"https:\/\/www.turnoffthelights.com\/support\/wp-json\/wp\/v2\/users\/1"}],"replies":[{"embeddable":true,"href":"https:\/\/www.turnoffthelights.com\/support\/wp-json\/wp\/v2\/comments?post=18389"}],"version-history":[{"count":3,"href":"https:\/\/www.turnoffthelights.com\/support\/wp-json\/wp\/v2\/posts\/18389\/revisions"}],"predecessor-version":[{"id":18425,"href":"https:\/\/www.turnoffthelights.com\/support\/wp-json\/wp\/v2\/posts\/18389\/revisions\/18425"}],"wp:attachment":[{"href":"https:\/\/www.turnoffthelights.com\/support\/wp-json\/wp\/v2\/media?parent=18389"}],"wp:term":[{"taxonomy":"category","embeddable":true,"href":"https:\/\/www.turnoffthelights.com\/support\/wp-json\/wp\/v2\/categories?post=18389"},{"taxonomy":"post_tag","embeddable":true,"href":"https:\/\/www.turnoffthelights.com\/support\/wp-json\/wp\/v2\/tags?post=18389"}],"curies":[{"name":"wp","href":"https:\/\/api.w.org\/{rel}","templated":true}]}}